{"id":2044,"date":"2025-05-24T12:01:03","date_gmt":"2025-05-24T12:01:03","guid":{"rendered":"https:\/\/abramen.be\/?p=2044"},"modified":"2025-05-24T12:03:32","modified_gmt":"2025-05-24T12:03:32","slug":"menuiserie-sur-mesure-a-namur","status":"publish","type":"post","link":"https:\/\/abramen.be\/nl\/menuiserie-sur-mesure-a-namur\/","title":{"rendered":"Votre sp\u00e9cialiste de la menuiserie sur mesure \u00e0 Namur"},"content":{"rendered":"<p>\u00c0 Namur, ABRAMEN con\u00e7oit et installe des solutions de menuiserie sur mesure pens\u00e9es pour optimiser votre confort et embellir vos espaces. Placards, portes, cuisines, terrasses : chaque cr\u00e9ation est r\u00e9alis\u00e9e avec soin, en accord avec vos go\u00fbts et les contraintes techniques de votre logement. Nos artisans vous accompagnent de la conception \u00e0 la pose finale, avec un service professionnel et un devis gratuit rapide.<\/p>","protected":false},"excerpt":{"rendered":"<p>\u00c0 Namur, ABRAMEN con\u00e7oit et installe des solutions de menuiserie sur mesure pens\u00e9es pour optimiser votre confort et embellir vos espaces. Placards, portes, cuisines, terrasses : chaque cr\u00e9ation est r\u00e9alis\u00e9e avec soin, en accord avec vos go\u00fbts et les contraintes techniques de votre logement. Nos artisans vous accompagnent de la conception \u00e0 la pose finale, avec un service professionnel et un devis gratuit rapide.<\/p>","protected":false},"author":3,"featured_media":0,"comment_status":"closed","ping_status":"closed","sticky":false,"template":"","format":"standard","meta":{"_acf_changed":false,"footnotes":""},"categories":[11],"tags":[],"class_list":["post-2044","post","type-post","status-publish","format-standard","hentry","category-l-menuserie"],"acf":[],"_links":{"self":[{"href":"https:\/\/abramen.be\/nl\/wp-json\/wp\/v2\/posts\/2044","targetHints":{"allow":["GET"]}}],"collection":[{"href":"https:\/\/abramen.be\/nl\/wp-json\/wp\/v2\/posts"}],"about":[{"href":"https:\/\/abramen.be\/nl\/wp-json\/wp\/v2\/types\/post"}],"author":[{"embeddable":true,"href":"https:\/\/abramen.be\/nl\/wp-json\/wp\/v2\/users\/3"}],"replies":[{"embeddable":true,"href":"https:\/\/abramen.be\/nl\/wp-json\/wp\/v2\/comments?post=2044"}],"version-history":[{"count":1,"href":"https:\/\/abramen.be\/nl\/wp-json\/wp\/v2\/posts\/2044\/revisions"}],"predecessor-version":[{"id":2045,"href":"https:\/\/abramen.be\/nl\/wp-json\/wp\/v2\/posts\/2044\/revisions\/2045"}],"wp:attachment":[{"href":"https:\/\/abramen.be\/nl\/wp-json\/wp\/v2\/media?parent=2044"}],"wp:term":[{"taxonomy":"category","embeddable":true,"href":"https:\/\/abramen.be\/nl\/wp-json\/wp\/v2\/categories?post=2044"},{"taxonomy":"post_tag","embeddable":true,"href":"https:\/\/abramen.be\/nl\/wp-json\/wp\/v2\/tags?post=2044"}],"curies":[{"name":"wp","href":"https:\/\/api.w.org\/{rel}","templated":true}]}}