{"id":2049,"date":"2025-05-24T12:20:19","date_gmt":"2025-05-24T12:20:19","guid":{"rendered":"https:\/\/abramen.be\/?p=2049"},"modified":"2025-05-24T12:20:42","modified_gmt":"2025-05-24T12:20:42","slug":"menuiserie-sur-mesure-a-charleroi","status":"publish","type":"post","link":"https:\/\/abramen.be\/nl\/menuiserie-sur-mesure-a-charleroi\/","title":{"rendered":"Menuiserie sur mesure \u00e0 Charleroi"},"content":{"rendered":"<p>ABRAMEN propose \u00e0 Charleroi des services de menuiserie sur mesure pour sublimer vos int\u00e9rieurs et ext\u00e9rieurs. De la fabrication de placards \u00e0 la cr\u00e9ation de cuisines, terrasses ou portes personnalis\u00e9es, nos artisans s&rsquo;engagent \u00e0 fournir un travail soign\u00e9, durable et esth\u00e9tique. Chaque projet est \u00e9tudi\u00e9 avec pr\u00e9cision pour r\u00e9pondre \u00e0 vos besoins. Contactez-nous d\u00e8s maintenant pour un devis gratuit et profitez d\u2019un accompagnement professionnel.<\/p>","protected":false},"excerpt":{"rendered":"<p>ABRAMEN propose \u00e0 Charleroi des services de menuiserie sur mesure pour sublimer vos int\u00e9rieurs et ext\u00e9rieurs. De la fabrication de placards \u00e0 la cr\u00e9ation de cuisines, terrasses ou portes personnalis\u00e9es, nos artisans s&rsquo;engagent \u00e0 fournir un travail soign\u00e9, durable et esth\u00e9tique. Chaque projet est \u00e9tudi\u00e9 avec pr\u00e9cision pour r\u00e9pondre \u00e0 vos besoins. Contactez-nous d\u00e8s maintenant pour un devis gratuit et profitez d\u2019un accompagnement professionnel.<\/p>","protected":false},"author":3,"featured_media":0,"comment_status":"closed","ping_status":"closed","sticky":false,"template":"","format":"standard","meta":{"_acf_changed":false,"footnotes":""},"categories":[11],"tags":[],"class_list":["post-2049","post","type-post","status-publish","format-standard","hentry","category-l-menuserie"],"acf":[],"_links":{"self":[{"href":"https:\/\/abramen.be\/nl\/wp-json\/wp\/v2\/posts\/2049","targetHints":{"allow":["GET"]}}],"collection":[{"href":"https:\/\/abramen.be\/nl\/wp-json\/wp\/v2\/posts"}],"about":[{"href":"https:\/\/abramen.be\/nl\/wp-json\/wp\/v2\/types\/post"}],"author":[{"embeddable":true,"href":"https:\/\/abramen.be\/nl\/wp-json\/wp\/v2\/users\/3"}],"replies":[{"embeddable":true,"href":"https:\/\/abramen.be\/nl\/wp-json\/wp\/v2\/comments?post=2049"}],"version-history":[{"count":1,"href":"https:\/\/abramen.be\/nl\/wp-json\/wp\/v2\/posts\/2049\/revisions"}],"predecessor-version":[{"id":2050,"href":"https:\/\/abramen.be\/nl\/wp-json\/wp\/v2\/posts\/2049\/revisions\/2050"}],"wp:attachment":[{"href":"https:\/\/abramen.be\/nl\/wp-json\/wp\/v2\/media?parent=2049"}],"wp:term":[{"taxonomy":"category","embeddable":true,"href":"https:\/\/abramen.be\/nl\/wp-json\/wp\/v2\/categories?post=2049"},{"taxonomy":"post_tag","embeddable":true,"href":"https:\/\/abramen.be\/nl\/wp-json\/wp\/v2\/tags?post=2049"}],"curies":[{"name":"wp","href":"https:\/\/api.w.org\/{rel}","templated":true}]}}