{"id":2051,"date":"2025-05-24T12:26:58","date_gmt":"2025-05-24T12:26:58","guid":{"rendered":"https:\/\/abramen.be\/?p=2051"},"modified":"2025-05-24T12:27:25","modified_gmt":"2025-05-24T12:27:25","slug":"menuiserie-sur-mesure-a-mons","status":"publish","type":"post","link":"https:\/\/abramen.be\/nl\/menuiserie-sur-mesure-a-mons\/","title":{"rendered":"Menuiserie sur mesure \u00e0 Mons"},"content":{"rendered":"<p>\u00c0 Mons, ABRAMEN r\u00e9alise tous vos projets de menuiserie sur mesure avec professionnalisme et passion. Nos \u00e9quipes cr\u00e9ent des placards, cuisines, terrasses, meubles et portes adapt\u00e9s \u00e0 votre espace et \u00e0 vos pr\u00e9f\u00e9rences. Nous privil\u00e9gions des mat\u00e9riaux durables et des finitions de qualit\u00e9 pour garantir un r\u00e9sultat \u00e0 la hauteur de vos attentes. Profitez d\u2019un accompagnement personnalis\u00e9 et d\u2019un devis gratuit pour concr\u00e9tiser votre projet \u00e0 Mons.<\/p>","protected":false},"excerpt":{"rendered":"<p>\u00c0 Mons, ABRAMEN r\u00e9alise tous vos projets de menuiserie sur mesure avec professionnalisme et passion. Nos \u00e9quipes cr\u00e9ent des placards, cuisines, terrasses, meubles et portes adapt\u00e9s \u00e0 votre espace et \u00e0 vos pr\u00e9f\u00e9rences. Nous privil\u00e9gions des mat\u00e9riaux durables et des finitions de qualit\u00e9 pour garantir un r\u00e9sultat \u00e0 la hauteur de vos attentes. Profitez d\u2019un accompagnement personnalis\u00e9 et d\u2019un devis gratuit pour concr\u00e9tiser votre projet \u00e0 Mons.<\/p>","protected":false},"author":3,"featured_media":0,"comment_status":"closed","ping_status":"closed","sticky":false,"template":"","format":"standard","meta":{"_acf_changed":false,"footnotes":""},"categories":[11],"tags":[],"class_list":["post-2051","post","type-post","status-publish","format-standard","hentry","category-l-menuserie"],"acf":[],"_links":{"self":[{"href":"https:\/\/abramen.be\/nl\/wp-json\/wp\/v2\/posts\/2051","targetHints":{"allow":["GET"]}}],"collection":[{"href":"https:\/\/abramen.be\/nl\/wp-json\/wp\/v2\/posts"}],"about":[{"href":"https:\/\/abramen.be\/nl\/wp-json\/wp\/v2\/types\/post"}],"author":[{"embeddable":true,"href":"https:\/\/abramen.be\/nl\/wp-json\/wp\/v2\/users\/3"}],"replies":[{"embeddable":true,"href":"https:\/\/abramen.be\/nl\/wp-json\/wp\/v2\/comments?post=2051"}],"version-history":[{"count":1,"href":"https:\/\/abramen.be\/nl\/wp-json\/wp\/v2\/posts\/2051\/revisions"}],"predecessor-version":[{"id":2052,"href":"https:\/\/abramen.be\/nl\/wp-json\/wp\/v2\/posts\/2051\/revisions\/2052"}],"wp:attachment":[{"href":"https:\/\/abramen.be\/nl\/wp-json\/wp\/v2\/media?parent=2051"}],"wp:term":[{"taxonomy":"category","embeddable":true,"href":"https:\/\/abramen.be\/nl\/wp-json\/wp\/v2\/categories?post=2051"},{"taxonomy":"post_tag","embeddable":true,"href":"https:\/\/abramen.be\/nl\/wp-json\/wp\/v2\/tags?post=2051"}],"curies":[{"name":"wp","href":"https:\/\/api.w.org\/{rel}","templated":true}]}}