{"id":2054,"date":"2025-05-24T12:28:07","date_gmt":"2025-05-24T12:28:07","guid":{"rendered":"https:\/\/abramen.be\/?p=2054"},"modified":"2025-05-24T12:28:24","modified_gmt":"2025-05-24T12:28:24","slug":"menuiserie-sur-mesure-a-liege","status":"publish","type":"post","link":"https:\/\/abramen.be\/nl\/menuiserie-sur-mesure-a-liege\/","title":{"rendered":"Menuiserie sur mesure \u00e0 Li\u00e8ge"},"content":{"rendered":"<p>\u00c0 Li\u00e8ge, ABRAMEN vous accompagne dans tous vos projets de menuiserie sur mesure, qu\u2019il s\u2019agisse d\u2019am\u00e9nagements int\u00e9rieurs ou ext\u00e9rieurs. Nous r\u00e9alisons des placards, cuisines, meubles, portes et terrasses adapt\u00e9s \u00e0 vos besoins, avec des mat\u00e9riaux nobles et des finitions irr\u00e9prochables. Faites appel \u00e0 notre savoir-faire artisanal pour b\u00e9n\u00e9ficier d\u2019un accompagnement complet, du conseil \u00e0 l\u2019installation. Demandez d\u00e8s aujourd\u2019hui votre devis gratuit.<\/p>","protected":false},"excerpt":{"rendered":"<p>\u00c0 Li\u00e8ge, ABRAMEN vous accompagne dans tous vos projets de menuiserie sur mesure, qu\u2019il s\u2019agisse d\u2019am\u00e9nagements int\u00e9rieurs ou ext\u00e9rieurs. Nous r\u00e9alisons des placards, cuisines, meubles, portes et terrasses adapt\u00e9s \u00e0 vos besoins, avec des mat\u00e9riaux nobles et des finitions irr\u00e9prochables. Faites appel \u00e0 notre savoir-faire artisanal pour b\u00e9n\u00e9ficier d\u2019un accompagnement complet, du conseil \u00e0 l\u2019installation. Demandez d\u00e8s aujourd\u2019hui votre devis gratuit.<\/p>","protected":false},"author":3,"featured_media":0,"comment_status":"closed","ping_status":"closed","sticky":false,"template":"","format":"standard","meta":{"_acf_changed":false,"footnotes":""},"categories":[11],"tags":[],"class_list":["post-2054","post","type-post","status-publish","format-standard","hentry","category-l-menuserie"],"acf":[],"_links":{"self":[{"href":"https:\/\/abramen.be\/nl\/wp-json\/wp\/v2\/posts\/2054","targetHints":{"allow":["GET"]}}],"collection":[{"href":"https:\/\/abramen.be\/nl\/wp-json\/wp\/v2\/posts"}],"about":[{"href":"https:\/\/abramen.be\/nl\/wp-json\/wp\/v2\/types\/post"}],"author":[{"embeddable":true,"href":"https:\/\/abramen.be\/nl\/wp-json\/wp\/v2\/users\/3"}],"replies":[{"embeddable":true,"href":"https:\/\/abramen.be\/nl\/wp-json\/wp\/v2\/comments?post=2054"}],"version-history":[{"count":1,"href":"https:\/\/abramen.be\/nl\/wp-json\/wp\/v2\/posts\/2054\/revisions"}],"predecessor-version":[{"id":2055,"href":"https:\/\/abramen.be\/nl\/wp-json\/wp\/v2\/posts\/2054\/revisions\/2055"}],"wp:attachment":[{"href":"https:\/\/abramen.be\/nl\/wp-json\/wp\/v2\/media?parent=2054"}],"wp:term":[{"taxonomy":"category","embeddable":true,"href":"https:\/\/abramen.be\/nl\/wp-json\/wp\/v2\/categories?post=2054"},{"taxonomy":"post_tag","embeddable":true,"href":"https:\/\/abramen.be\/nl\/wp-json\/wp\/v2\/tags?post=2054"}],"curies":[{"name":"wp","href":"https:\/\/api.w.org\/{rel}","templated":true}]}}