{"id":2056,"date":"2025-05-24T12:32:32","date_gmt":"2025-05-24T12:32:32","guid":{"rendered":"https:\/\/abramen.be\/?p=2056"},"modified":"2025-05-24T12:32:58","modified_gmt":"2025-05-24T12:32:58","slug":"menuiserie-sur-mesure-en-flandre","status":"publish","type":"post","link":"https:\/\/abramen.be\/nl\/menuiserie-sur-mesure-en-flandre\/","title":{"rendered":"Menuiserie sur mesure en Flandre"},"content":{"rendered":"<p>ABRAMEN propose des services de menuiserie sur mesure dans toute la Flandre, en particulier dans les zones proches de Bruxelles. Que vous soyez \u00e0 Zaventem, Dilbeek, Tervuren ou Vilvorde, notre \u00e9quipe r\u00e9alise vos meubles, placards, cuisines, portes et terrasses avec un savoir-faire artisanal et des finitions haut de gamme. Chaque projet est con\u00e7u sur mesure pour s\u2019adapter \u00e0 vos besoins et \u00e0 votre style. Demandez votre devis gratuit et b\u00e9n\u00e9ficiez d\u2019un accompagnement personnalis\u00e9.<\/p>","protected":false},"excerpt":{"rendered":"<p>ABRAMEN propose des services de menuiserie sur mesure dans toute la Flandre, en particulier dans les zones proches de Bruxelles. Que vous soyez \u00e0 Zaventem, Dilbeek, Tervuren ou Vilvorde, notre \u00e9quipe r\u00e9alise vos meubles, placards, cuisines, portes et terrasses avec un savoir-faire artisanal et des finitions haut de gamme. Chaque projet est con\u00e7u sur mesure pour s\u2019adapter \u00e0 vos besoins et \u00e0 votre style. Demandez votre devis gratuit et b\u00e9n\u00e9ficiez d\u2019un accompagnement personnalis\u00e9.<\/p>","protected":false},"author":3,"featured_media":0,"comment_status":"closed","ping_status":"closed","sticky":false,"template":"","format":"standard","meta":{"_acf_changed":false,"footnotes":""},"categories":[11],"tags":[],"class_list":["post-2056","post","type-post","status-publish","format-standard","hentry","category-l-menuserie"],"acf":[],"_links":{"self":[{"href":"https:\/\/abramen.be\/nl\/wp-json\/wp\/v2\/posts\/2056","targetHints":{"allow":["GET"]}}],"collection":[{"href":"https:\/\/abramen.be\/nl\/wp-json\/wp\/v2\/posts"}],"about":[{"href":"https:\/\/abramen.be\/nl\/wp-json\/wp\/v2\/types\/post"}],"author":[{"embeddable":true,"href":"https:\/\/abramen.be\/nl\/wp-json\/wp\/v2\/users\/3"}],"replies":[{"embeddable":true,"href":"https:\/\/abramen.be\/nl\/wp-json\/wp\/v2\/comments?post=2056"}],"version-history":[{"count":1,"href":"https:\/\/abramen.be\/nl\/wp-json\/wp\/v2\/posts\/2056\/revisions"}],"predecessor-version":[{"id":2057,"href":"https:\/\/abramen.be\/nl\/wp-json\/wp\/v2\/posts\/2056\/revisions\/2057"}],"wp:attachment":[{"href":"https:\/\/abramen.be\/nl\/wp-json\/wp\/v2\/media?parent=2056"}],"wp:term":[{"taxonomy":"category","embeddable":true,"href":"https:\/\/abramen.be\/nl\/wp-json\/wp\/v2\/categories?post=2056"},{"taxonomy":"post_tag","embeddable":true,"href":"https:\/\/abramen.be\/nl\/wp-json\/wp\/v2\/tags?post=2056"}],"curies":[{"name":"wp","href":"https:\/\/api.w.org\/{rel}","templated":true}]}}