{"id":2080,"date":"2025-05-24T18:13:08","date_gmt":"2025-05-24T18:13:08","guid":{"rendered":"https:\/\/abramen.be\/?p=2080"},"modified":"2025-05-24T18:14:29","modified_gmt":"2025-05-24T18:14:29","slug":"menuisier-a-bruxelles","status":"publish","type":"post","link":"https:\/\/abramen.be\/nl\/menuisier-a-bruxelles\/","title":{"rendered":"Menuisier \u00e0 Bruxelles"},"content":{"rendered":"<p>\u00c0 Bruxelles, ABRAMEN met son expertise artisanale \u00e0 votre disposition pour r\u00e9aliser tous vos projets de menuiserie sur mesure. Meubles, placards, cuisines, portes ou terrasses : chaque r\u00e9alisation est pens\u00e9e pour sublimer vos espaces avec \u00e9l\u00e9gance et fonctionnalit\u00e9. Nos menuisiers qualifi\u00e9s vous accompagnent de la conception \u00e0 la pose, en respectant vos envies, votre budget et les d\u00e9lais. Demandez votre devis gratuit et personnalis\u00e9 \u00e0 Bruxelles.<\/p>\n\n\n\n<p><\/p>","protected":false},"excerpt":{"rendered":"<p>\u00c0 Bruxelles, ABRAMEN met son expertise artisanale \u00e0 votre disposition pour r\u00e9aliser tous vos projets de menuiserie sur mesure. Meubles, placards, cuisines, portes ou terrasses : chaque r\u00e9alisation est pens\u00e9e pour sublimer vos espaces avec \u00e9l\u00e9gance et fonctionnalit\u00e9. Nos menuisiers qualifi\u00e9s vous accompagnent de la conception \u00e0 la pose, en respectant vos envies, votre budget et les d\u00e9lais. Demandez votre devis gratuit et personnalis\u00e9 \u00e0 Bruxelles.<\/p>","protected":false},"author":3,"featured_media":0,"comment_status":"closed","ping_status":"closed","sticky":false,"template":"","format":"standard","meta":{"_acf_changed":false,"footnotes":""},"categories":[12],"tags":[],"class_list":["post-2080","post","type-post","status-publish","format-standard","hentry","category-l-menuisier"],"acf":[],"_links":{"self":[{"href":"https:\/\/abramen.be\/nl\/wp-json\/wp\/v2\/posts\/2080","targetHints":{"allow":["GET"]}}],"collection":[{"href":"https:\/\/abramen.be\/nl\/wp-json\/wp\/v2\/posts"}],"about":[{"href":"https:\/\/abramen.be\/nl\/wp-json\/wp\/v2\/types\/post"}],"author":[{"embeddable":true,"href":"https:\/\/abramen.be\/nl\/wp-json\/wp\/v2\/users\/3"}],"replies":[{"embeddable":true,"href":"https:\/\/abramen.be\/nl\/wp-json\/wp\/v2\/comments?post=2080"}],"version-history":[{"count":1,"href":"https:\/\/abramen.be\/nl\/wp-json\/wp\/v2\/posts\/2080\/revisions"}],"predecessor-version":[{"id":2081,"href":"https:\/\/abramen.be\/nl\/wp-json\/wp\/v2\/posts\/2080\/revisions\/2081"}],"wp:attachment":[{"href":"https:\/\/abramen.be\/nl\/wp-json\/wp\/v2\/media?parent=2080"}],"wp:term":[{"taxonomy":"category","embeddable":true,"href":"https:\/\/abramen.be\/nl\/wp-json\/wp\/v2\/categories?post=2080"},{"taxonomy":"post_tag","embeddable":true,"href":"https:\/\/abramen.be\/nl\/wp-json\/wp\/v2\/tags?post=2080"}],"curies":[{"name":"wp","href":"https:\/\/api.w.org\/{rel}","templated":true}]}}